{"id":2036,"date":"2026-03-22T12:36:28","date_gmt":"2026-03-22T11:36:28","guid":{"rendered":"https:\/\/bnef.pl\/strefa-wiedzy\/?p=2036"},"modified":"2026-03-23T08:48:16","modified_gmt":"2026-03-23T07:48:16","slug":"baltic-nuclear-energy-forum-2026-polska-przechodzi-od-wizji-do-realizacji-atomu","status":"publish","type":"post","link":"https:\/\/bnef.pl\/strefa-wiedzy\/baltic-nuclear-energy-forum-2026-polska-przechodzi-od-wizji-do-realizacji-atomu\/","title":{"rendered":"Baltic Nuclear Energy Forum 2026: Polska przechodzi od wizji do realizacji atomu."},"content":{"rendered":"\n<p class=\"wp-block-paragraph\">ENGLISH VERSION BELOW \u2b07\ufe0f<\/p>\n\n\n\n<p class=\"wp-block-paragraph\"><strong>GDA\u0143SK \u2013 Europejskie Centrum Solidarno\u015bci sta\u0142o si\u0119 po raz trzeci sercem debaty o przysz\u0142o\u015bci energetyki j\u0105drowej w regionie Morza Ba\u0142tyckiego. Pod has\u0142em \u201eEnergia dla odpornego spo\u0142ecze\u0144stwa\u201d, trzecia edycja Baltic Nuclear Energy Forum (BNEF) zgromadzi\u0142a ponad 500 ekspert\u00f3w z 17 kraj\u00f3w oraz 100 prelegent\u00f3w. Tegoroczne spotkanie zdominowa\u0142y konkretne deklaracje dotycz\u0105ce finansowania, harmonogramu prac na Pomorzu oraz roli m\u0142odych kadr w budowaniu suwerenno\u015bci energetycznej.<\/strong><\/p>\n\n\n\n<h2 class=\"wp-block-heading\">Rok 2025: Prze\u0142om w finansowaniu<\/h2>\n\n\n\n<p class=\"wp-block-paragraph\">Najwa\u017cniejsz\u0105 wiadomo\u015bci\u0105 otwieraj\u0105c\u0105 forum by\u0142a informacja o pe\u0142nej gotowo\u015bci finansowej pierwszego polskiego projektu j\u0105drowego. Po latach planowania, program zyska\u0142 solidne fundamenty ekonomiczne.<\/p>\n\n\n\n<p class=\"wp-block-paragraph\"><em>\u201eEnergetyka j\u0105drowa na Pomorzu zaczyna nabiera\u0107 bardzo realnych kszta\u0142t\u00f3w. (&#8230;) Pojawi\u0142y si\u0119 realne pieni\u0105dze: rz\u0105d przeznaczy\u0142 60 mld z\u0142 na realizacj\u0119 tego projektu. Mamy zabezpieczone finansowanie d\u0142u\u017cne i od grudnia zesz\u0142ego roku mamy decyzj\u0119 Komisji Europejskiej, kt\u00f3ra zaakceptowa\u0142a nasz model finansowy. Pozwala nam to przej\u015b\u0107 do zupe\u0142nie innego etapu, do etapu realizacji\u201d<\/em> \u2013 og\u0142osi\u0142 <strong>Wojciech Wrochna<\/strong>, Sekretarz stanu w Ministerstwie Energii.<\/p>\n\n\n\n<h2 class=\"wp-block-heading\">Pomorze centrum nowej rzeczywisto\u015bci<\/h2>\n\n\n\n<p class=\"wp-block-paragraph\">Dla regionu Pomorza, planowana budowa elektrowni w lokalizacji Lubiatowo-Kopalino to nie tylko inwestycja w infrastruktur\u0119, ale przede wszystkim w bezpiecze\u0144stwo narodowe. <strong>Marek Woszczyk<\/strong>, Prezes Zarz\u0105du Polskich Elektrowni J\u0105drowych, potwierdzi\u0142, \u017ce faza \u201epapierowa\u201d zosta\u0142a zako\u0144czona.<\/p>\n\n\n\n<p class=\"wp-block-paragraph\"><em>\u201eJu\u017c niebawem, w maju na terenie inwestycji pojawi\u0105 si\u0119 pierwsze maszyny naszych partner\u00f3w \u2013 drogi, kolej. Nast\u0119pnie rozpoczniemy g\u0142\u0119bokie prace gruntowe, kt\u00f3re przygotuj\u0105 nas do po\u0142o\u017cenia pierwszego betonu j\u0105drowego w 2028 roku\u201d<\/em> \u2013 zapowiedzia\u0142 <strong>Marek Woszczyk<\/strong>.<\/p>\n\n\n\n<p class=\"wp-block-paragraph\">Z perspektywy administracji regionalnej, projekt ten ma wymiar cywilizacyjny. <strong>Beata Rutkiewicz<\/strong>, Wojewoda Pomorska, podkre\u015bli\u0142a:<\/p>\n\n\n\n<p class=\"wp-block-paragraph\"><em>\u201eNa stanowisku Wojewody najwa\u017cniejsze jest bezpiecze\u0144stwo. (&#8230;) Czujemy, \u017ce faktycznie zmieniamy nie tylko region, nie tylko Polsk\u0119, budujemy bezpiecze\u0144stwo Europy, zmieniamy rzeczywisto\u015b\u0107\u201d<\/em>.<\/p>\n\n\n\n<figure class=\"wp-block-image size-large\"><img loading=\"lazy\" decoding=\"async\" width=\"1024\" height=\"683\" src=\"https:\/\/bnef.pl\/strefa-wiedzy\/wp-content\/uploads\/sites\/5\/2026\/03\/19ea25e4-aea7-4a74-b736-c865383fb26c-1024x683.webp\" alt=\"\" class=\"wp-image-2038\" srcset=\"https:\/\/bnef.pl\/strefa-wiedzy\/wp-content\/uploads\/sites\/5\/2026\/03\/19ea25e4-aea7-4a74-b736-c865383fb26c-1024x683.webp 1024w, https:\/\/bnef.pl\/strefa-wiedzy\/wp-content\/uploads\/sites\/5\/2026\/03\/19ea25e4-aea7-4a74-b736-c865383fb26c-300x200.webp 300w, https:\/\/bnef.pl\/strefa-wiedzy\/wp-content\/uploads\/sites\/5\/2026\/03\/19ea25e4-aea7-4a74-b736-c865383fb26c-768x512.webp 768w, https:\/\/bnef.pl\/strefa-wiedzy\/wp-content\/uploads\/sites\/5\/2026\/03\/19ea25e4-aea7-4a74-b736-c865383fb26c-1536x1024.webp 1536w, https:\/\/bnef.pl\/strefa-wiedzy\/wp-content\/uploads\/sites\/5\/2026\/03\/19ea25e4-aea7-4a74-b736-c865383fb26c.webp 2048w\" sizes=\"auto, (max-width: 1024px) 100vw, 1024px\" \/><\/figure>\n\n\n\n<h2 class=\"wp-block-heading\">Globalny renesans i kanadyjskie partnerstwo<\/h2>\n\n\n\n<p class=\"wp-block-paragraph\">Forum by\u0142o r\u00f3wnie\u017c okazj\u0105 do wymiany do\u015bwiadcze\u0144 z globalnymi liderami. <strong>Sir William D. Magwood IV<\/strong>, Dyrektor Generalny Agencji Energii J\u0105drowej (NEA), zauwa\u017cy\u0142, \u017ce \u015bwiat prze\u017cywa niespotykany dot\u0105d zwrot ku atomowi.<\/p>\n\n\n\n<p class=\"wp-block-paragraph\"><em>\u201ePracuj\u0119 w tej bran\u017cy od bardzo dawna i mog\u0119 szczerze powiedzie\u0107, \u017ce nigdy nie widzia\u0142em czego\u015b podobnego do tego, co dzieje si\u0119 obecnie. (&#8230;) Polska ma realn\u0105 szans\u0119 nie tylko uczestniczy\u0107 w rozwoju energetyki j\u0105drowej, ale sta\u0107 si\u0119 jej liderem i centrum wdra\u017cania najnowocze\u015bniejszych technologii\u201d<\/em> \u2013 oceni\u0142 <strong>William D. Magwood IV<\/strong>.<\/p>\n\n\n\n<p class=\"wp-block-paragraph\">Wa\u017cnym g\u0142osem by\u0142a prezentacja kanadyjskiej technologii CANDU. <strong>Sir Ian Edwards<\/strong>, CEO AtkinsR\u00e9alis, podkre\u015bli\u0142 unikalne cechy tego rozwi\u0105zania, takie jak wykorzystanie naturalnego uranu i produkcja izotop\u00f3w medycznych. Zadeklarowa\u0142 r\u00f3wnie\u017c szerokie zaanga\u017cowanie polskiego przemys\u0142u:<\/p>\n\n\n\n<p class=\"wp-block-paragraph\"><em>\u201eZak\u0142adamy, \u017ce je\u015bli dojdzie do wdro\u017cenia w Polsce, oko\u0142o 30% projektu b\u0119dzie pochodzi\u0107 z Kanady, a 70% b\u0119dzie realizowane przez polskie firmy\u201d<\/em>.<\/p>\n\n\n\n<h2 class=\"wp-block-heading\">Edukacja i \u201ed\u0142ug\u201d wobec przysz\u0142ych pokole\u0144<\/h2>\n\n\n\n<p class=\"wp-block-paragraph\">Nowo\u015bci\u0105 tegorocznej edycji by\u0142a scena <strong>\u201eEnergetyka dla m\u0142odych\u201d<\/strong>, na kt\u00f3r\u0105 zaproszono 200 uczni\u00f3w. Organizatorzy podkre\u015blali, \u017ce to w\u0142a\u015bnie to pokolenie b\u0119dzie finalnym beneficjentem i operatorem powstaj\u0105cego systemu.<\/p>\n\n\n\n<p class=\"wp-block-paragraph\"><em>\u201eTransformacja energetyczna to nasz wsp\u00f3lny d\u0142ug wobec przysz\u0142ych pokole\u0144. Dlatego drugiego dnia konferencji (&#8230;) zaprosimy 200 uczni\u00f3w. To jest nasza odpowiedzialno\u015b\u0107 za to przysz\u0142e pokolenie i za sp\u0142acanie d\u0142ug\u00f3w, kt\u00f3re mamy wobec nich\u201d<\/em> \u2013 m\u00f3wi\u0142a <strong>Sylwia Molewska<\/strong>, Prezeska Fundacji Biznes dla Klimatu.<\/p>\n\n\n\n<figure class=\"wp-block-image size-large\"><img loading=\"lazy\" decoding=\"async\" width=\"1024\" height=\"683\" src=\"https:\/\/bnef.pl\/strefa-wiedzy\/wp-content\/uploads\/sites\/5\/2026\/03\/3b2304d1-f1fd-4c31-898b-789ed2b7a712-1024x683.webp\" alt=\"\" class=\"wp-image-2039\" srcset=\"https:\/\/bnef.pl\/strefa-wiedzy\/wp-content\/uploads\/sites\/5\/2026\/03\/3b2304d1-f1fd-4c31-898b-789ed2b7a712-1024x683.webp 1024w, https:\/\/bnef.pl\/strefa-wiedzy\/wp-content\/uploads\/sites\/5\/2026\/03\/3b2304d1-f1fd-4c31-898b-789ed2b7a712-300x200.webp 300w, https:\/\/bnef.pl\/strefa-wiedzy\/wp-content\/uploads\/sites\/5\/2026\/03\/3b2304d1-f1fd-4c31-898b-789ed2b7a712-768x512.webp 768w, https:\/\/bnef.pl\/strefa-wiedzy\/wp-content\/uploads\/sites\/5\/2026\/03\/3b2304d1-f1fd-4c31-898b-789ed2b7a712-1536x1024.webp 1536w, https:\/\/bnef.pl\/strefa-wiedzy\/wp-content\/uploads\/sites\/5\/2026\/03\/3b2304d1-f1fd-4c31-898b-789ed2b7a712.webp 2048w\" sizes=\"auto, (max-width: 1024px) 100vw, 1024px\" \/><\/figure>\n\n\n\n<p class=\"wp-block-paragraph\">Rektor Uniwersytetu Gda\u0144skiego, <strong>prof. Piotr Stepnowski<\/strong>, doda\u0142, \u017ce kluczowe b\u0119dzie kszta\u0142cenie kadr:<\/p>\n\n\n\n<p class=\"wp-block-paragraph\"><em>\u201eTo w\u0142a\u015bnie tutaj kszta\u0142c\u0105 si\u0119 i kszta\u0142ci\u0107 si\u0119 b\u0119d\u0105 specjalistyczne kadry naukowe i prace rozwojowe, wspieraj\u0105ce transformacj\u0119 i funkcjonowanie przysz\u0142ej infrastruktury\u201d<\/em>.<\/p>\n\n\n\n<h2 class=\"wp-block-heading\">R\u00f3wno\u015b\u0107 i inkluzywno\u015b\u0107 w sektorze<\/h2>\n\n\n\n<p class=\"wp-block-paragraph\">Wa\u017cnym akcentem forum by\u0142o podpisanie przez firmy takie jak PGE EJ, AtkinsR\u00e9alis czy GE Vernova Hitachi \u201eDeklaracji na rzecz r\u00f3wno\u015bci i wsparcia kobiet w energetyce j\u0105drowej\u201d. <strong>Emilia Janisz<\/strong>, Prezeska Stowarzyszenia Women in Nuclear, podkre\u015bli\u0142a, \u017ce jest to symboliczny gest budowania r\u00f3wno\u015bciowego \u015brodowiska opartego na kompetencjach.<\/p>\n\n\n\n<p class=\"wp-block-paragraph\">III edycja Baltic Nuclear Energy Forum udowodni\u0142a, \u017ce Polska nie tylko debatuje o atomie, ale staje si\u0119, jak uj\u0105\u0142 to Premier Donald Tusk, \u201enajwi\u0119kszym placem budowy energetycznej\u201d w Europie. Kolejne spotkanie ju\u017c za rok, w marcu, kiedy to pierwsze maszyny b\u0119d\u0105 ju\u017c pracowa\u0107 na pomorskim placu budowy.<\/p>\n\n\n\n<figure class=\"wp-block-image size-large\"><img loading=\"lazy\" decoding=\"async\" width=\"1024\" height=\"683\" src=\"https:\/\/bnef.pl\/strefa-wiedzy\/wp-content\/uploads\/sites\/5\/2026\/03\/cddc788b-9bee-46d0-b513-e1203037ba32-1024x683.webp\" alt=\"\" class=\"wp-image-2040\" srcset=\"https:\/\/bnef.pl\/strefa-wiedzy\/wp-content\/uploads\/sites\/5\/2026\/03\/cddc788b-9bee-46d0-b513-e1203037ba32-1024x683.webp 1024w, https:\/\/bnef.pl\/strefa-wiedzy\/wp-content\/uploads\/sites\/5\/2026\/03\/cddc788b-9bee-46d0-b513-e1203037ba32-300x200.webp 300w, https:\/\/bnef.pl\/strefa-wiedzy\/wp-content\/uploads\/sites\/5\/2026\/03\/cddc788b-9bee-46d0-b513-e1203037ba32-768x512.webp 768w, https:\/\/bnef.pl\/strefa-wiedzy\/wp-content\/uploads\/sites\/5\/2026\/03\/cddc788b-9bee-46d0-b513-e1203037ba32-1536x1024.webp 1536w, https:\/\/bnef.pl\/strefa-wiedzy\/wp-content\/uploads\/sites\/5\/2026\/03\/cddc788b-9bee-46d0-b513-e1203037ba32.webp 2048w\" sizes=\"auto, (max-width: 1024px) 100vw, 1024px\" \/><\/figure>\n\n\n\n<div style=\"height:100px\" aria-hidden=\"true\" class=\"wp-block-spacer\"><\/div>\n\n\n\n<hr class=\"wp-block-separator has-alpha-channel-opacity\" \/>\n\n\n\n<h2 class=\"wp-block-heading\"><strong>Baltic Nuclear Energy Forum 2026: Poland Moves from Vision to Nuclear Implementation. \u201cWe Are Building Europe\u2019s Security\u201d<\/strong><\/h2>\n\n\n\n<p class=\"wp-block-paragraph\"><strong>GDA\u0143SK<\/strong> \u2013 For the third time, the European Solidarity Centre became the heart of the debate on the future of nuclear energy in the Baltic Sea region. Under the theme <em>\u201cEnergy for a Resilient Society,\u201d<\/em> the third edition of the Baltic Nuclear Energy Forum (BNEF) brought together more than 500 experts from 17 countries and 100 speakers.<br>This year\u2019s meeting was dominated by concrete declarations regarding financing, the work schedule in Pomerania, and the role of young professionals in building energy sovereignty.<\/p>\n\n\n\n<h3 class=\"wp-block-heading\">2025: A Breakthrough in Financing<\/h3>\n\n\n\n<p class=\"wp-block-paragraph\">The most important announcement opening the forum was the confirmation of full financial readiness for Poland\u2019s first nuclear project. After years of planning, the programme has gained solid economic foundations.<\/p>\n\n\n\n<blockquote class=\"wp-block-quote is-layout-flow wp-block-quote-is-layout-flow\">\n<p class=\"wp-block-paragraph\">\u201cNuclear energy in Pomerania is beginning to take very real shape. (\u2026) Real money has appeared: the government has allocated PLN 60 billion for the implementation of this project. We have secured debt financing, and since December last year we have had a decision from the European Commission approving our financial model. This allows us to move to a completely different stage \u2014 the stage of implementation,\u201d announced Wojciech Wrochna, Secretary of State at the Ministry of Energy.<\/p>\n<\/blockquote>\n\n\n\n<h3 class=\"wp-block-heading\">Pomerania as the Centre of a New Reality<\/h3>\n\n\n\n<p class=\"wp-block-paragraph\">For the Pomerania region, the planned construction of a power plant at the Lubiatowo-Kopalino site is not only an infrastructure investment, but above all an investment in national security. Marek Woszczyk, President of the Management Board of Polish Nuclear Power Plants, confirmed that the \u201cpaper phase\u201d has been completed.<\/p>\n\n\n\n<blockquote class=\"wp-block-quote is-layout-flow wp-block-quote-is-layout-flow\">\n<p class=\"wp-block-paragraph\">\u201cVery soon, in May, the first machines of our partners will appear at the project site \u2014 roads and railway works. Next, we will begin deep groundworks that will prepare us to pour the first nuclear concrete in 2028,\u201d announced Marek Woszczyk.<\/p>\n<\/blockquote>\n\n\n\n<p class=\"wp-block-paragraph\">From the perspective of regional administration, the project has a civilisational dimension. Beata Rutkiewicz, the Pomeranian Voivode, emphasised:<\/p>\n\n\n\n<blockquote class=\"wp-block-quote is-layout-flow wp-block-quote-is-layout-flow\">\n<p class=\"wp-block-paragraph\">\u201cIn the position of Voivode, safety is the most important thing. (\u2026) We feel that we are truly changing not only the region, not only Poland \u2014 we are building Europe\u2019s security and transforming reality.\u201d<\/p>\n<\/blockquote>\n\n\n\n<h3 class=\"wp-block-heading\">Global Renaissance and Canadian Partnership<\/h3>\n\n\n\n<p class=\"wp-block-paragraph\">The forum was also an opportunity to exchange experiences with global leaders. Sir William D. Magwood IV, Director General of the Nuclear Energy Agency (NEA), noted that the world is experiencing an unprecedented shift toward nuclear power.<\/p>\n\n\n\n<blockquote class=\"wp-block-quote is-layout-flow wp-block-quote-is-layout-flow\">\n<p class=\"wp-block-paragraph\">\u201cI have worked in this sector for a very long time and I can honestly say that I have never seen anything like what is happening now. (\u2026) Poland has a real chance not only to participate in the development of nuclear energy, but to become its leader and a centre for the deployment of the most advanced technologies,\u201d assessed William D. Magwood IV.<\/p>\n<\/blockquote>\n\n\n\n<p class=\"wp-block-paragraph\">An important contribution was the presentation of Canada\u2019s CANDU technology. Sir Ian Edwards, CEO of AtkinsR\u00e9alis, highlighted the unique features of this solution, such as the use of natural uranium and the production of medical isotopes. He also declared broad involvement of Polish industry:<\/p>\n\n\n\n<blockquote class=\"wp-block-quote is-layout-flow wp-block-quote-is-layout-flow\">\n<p class=\"wp-block-paragraph\">\u201cWe assume that if implementation takes place in Poland, about 30% of the project will come from Canada, while 70% will be delivered by Polish companies.\u201d<\/p>\n<\/blockquote>\n\n\n\n<h3 class=\"wp-block-heading\">Education and a \u201cDebt\u201d to Future Generations<\/h3>\n\n\n\n<p class=\"wp-block-paragraph\">A novelty of this year\u2019s edition was the <em>\u201cEnergy for Youth\u201d<\/em> stage, to which 200 students were invited. Organisers emphasised that this generation will ultimately become both the beneficiaries and operators of the emerging system.<\/p>\n\n\n\n<blockquote class=\"wp-block-quote is-layout-flow wp-block-quote-is-layout-flow\">\n<p class=\"wp-block-paragraph\">\u201cThe energy transition is our shared debt to future generations. That is why on the second day of the conference (\u2026) we will invite 200 students. This is our responsibility toward the future generation and toward repaying the debts we owe them,\u201d said Sylwia Molewska, President of the Business for Climate Foundation.<\/p>\n<\/blockquote>\n\n\n\n<p class=\"wp-block-paragraph\">The Rector of the University of Gda\u0144sk, Prof. Piotr Stepnowski, added that training qualified staff will be crucial:<\/p>\n\n\n\n<blockquote class=\"wp-block-quote is-layout-flow wp-block-quote-is-layout-flow\">\n<p class=\"wp-block-paragraph\">\u201cIt is here that specialised scientific personnel are being educated \u2014 and will continue to be educated \u2014 and that development work supporting the transformation and operation of future infrastructure is carried out.\u201d<\/p>\n<\/blockquote>\n\n\n\n<h3 class=\"wp-block-heading\">Equality and Inclusivity in the Sector<\/h3>\n\n\n\n<p class=\"wp-block-paragraph\">An important highlight of the forum was the signing by companies such as PGE EJ, AtkinsR\u00e9alis, and GE Vernova Hitachi of the <em>\u201cDeclaration for Equality and Support for Women in Nuclear Energy.\u201d<\/em> Emilia Janisz, President of the Women in Nuclear Association, stressed that this is a symbolic step toward building an inclusive, competence-based working environment.<\/p>\n\n\n\n<p class=\"wp-block-paragraph\">The third edition of the Baltic Nuclear Energy Forum proved that Poland is not only debating nuclear power but is becoming \u2014 as Prime Minister Donald Tusk put it \u2014 <em>\u201cthe largest energy construction site\u201d<\/em> in Europe.<br>The next meeting is scheduled for March next year, when the first machines will already be operating at the construction site in Pomerania.<audio autoplay=\"\"><\/audio><\/p>\n","protected":false},"excerpt":{"rendered":"<p>ENGLISH VERSION BELOW \u2b07\ufe0f GDA\u0143SK \u2013 Europejskie Centrum Solidarno\u015bci sta\u0142o si\u0119 po raz trzeci sercem debaty o przysz\u0142o\u015bci energetyki j\u0105drowej w regionie Morza Ba\u0142tyckiego. Pod has\u0142em \u201eEnergia dla odpornego spo\u0142ecze\u0144stwa\u201d, trzecia edycja Baltic Nuclear Energy Forum (BNEF) zgromadzi\u0142a ponad 500 ekspert\u00f3w z 17 kraj\u00f3w oraz 100 prelegent\u00f3w. Tegoroczne spotkanie zdominowa\u0142y konkretne deklaracje dotycz\u0105ce finansowania, harmonogramu [&hellip;]<\/p>\n","protected":false},"author":5,"featured_media":2037,"comment_status":"open","ping_status":"open","sticky":true,"template":"","format":"standard","meta":{"_acf_changed":false,"footnotes":""},"categories":[8],"tags":[],"class_list":["post-2036","post","type-post","status-publish","format-standard","has-post-thumbnail","hentry","category-bez-kategorii-pl"],"acf":[],"yoast_head":"<!-- This site is optimized with the Yoast SEO plugin v28.3 - https:\/\/yoast.com\/product\/yoast-seo-wordpress\/ -->\n<title>Baltic Nuclear Energy Forum 2026: Polska przechodzi od wizji do realizacji atomu. - Baltic Nuclear Energy Forum - Blog<\/title>\n<meta name=\"robots\" content=\"index, follow, max-snippet:-1, max-image-preview:large, max-video-preview:-1\" \/>\n<link rel=\"canonical\" href=\"https:\/\/bnef.pl\/strefa-wiedzy\/baltic-nuclear-energy-forum-2026-polska-przechodzi-od-wizji-do-realizacji-atomu\/\" \/>\n<meta property=\"og:locale\" content=\"pl_PL\" \/>\n<meta property=\"og:type\" content=\"article\" \/>\n<meta property=\"og:title\" content=\"Baltic Nuclear Energy Forum 2026: Polska przechodzi od wizji do realizacji atomu. - Baltic Nuclear Energy Forum - Blog\" \/>\n<meta property=\"og:description\" content=\"ENGLISH VERSION BELOW \u2b07\ufe0f GDA\u0143SK \u2013 Europejskie Centrum Solidarno\u015bci sta\u0142o si\u0119 po raz trzeci sercem debaty o przysz\u0142o\u015bci energetyki j\u0105drowej w regionie Morza Ba\u0142tyckiego. Pod has\u0142em \u201eEnergia dla odpornego spo\u0142ecze\u0144stwa\u201d, trzecia edycja Baltic Nuclear Energy Forum (BNEF) zgromadzi\u0142a ponad 500 ekspert\u00f3w z 17 kraj\u00f3w oraz 100 prelegent\u00f3w. Tegoroczne spotkanie zdominowa\u0142y konkretne deklaracje dotycz\u0105ce finansowania, harmonogramu [&hellip;]\" \/>\n<meta property=\"og:url\" content=\"https:\/\/bnef.pl\/strefa-wiedzy\/baltic-nuclear-energy-forum-2026-polska-przechodzi-od-wizji-do-realizacji-atomu\/\" \/>\n<meta property=\"og:site_name\" content=\"Baltic Nuclear Energy Forum - Blog\" \/>\n<meta property=\"article:published_time\" content=\"2026-03-22T11:36:28+00:00\" \/>\n<meta property=\"article:modified_time\" content=\"2026-03-23T07:48:16+00:00\" \/>\n<meta property=\"og:image\" content=\"https:\/\/bnef.pl\/strefa-wiedzy\/wp-content\/uploads\/sites\/5\/2026\/03\/9ff8b0e0-48c5-4d83-8dac-154751b6971a.webp\" \/>\n\t<meta property=\"og:image:width\" content=\"2048\" \/>\n\t<meta property=\"og:image:height\" content=\"1365\" \/>\n\t<meta property=\"og:image:type\" content=\"image\/webp\" \/>\n<meta name=\"author\" content=\"olga\" \/>\n<meta name=\"twitter:card\" content=\"summary_large_image\" \/>\n<meta name=\"twitter:label1\" content=\"Napisane przez\" \/>\n\t<meta name=\"twitter:data1\" content=\"olga\" \/>\n\t<meta name=\"twitter:label2\" content=\"Szacowany czas czytania\" \/>\n\t<meta name=\"twitter:data2\" content=\"8 minut\" \/>\n<script type=\"application\/ld+json\" class=\"yoast-schema-graph\">{\"@context\":\"https:\\\/\\\/schema.org\",\"@graph\":[{\"@type\":\"Article\",\"@id\":\"https:\\\/\\\/bnef.pl\\\/strefa-wiedzy\\\/baltic-nuclear-energy-forum-2026-polska-przechodzi-od-wizji-do-realizacji-atomu\\\/#article\",\"isPartOf\":{\"@id\":\"https:\\\/\\\/bnef.pl\\\/strefa-wiedzy\\\/baltic-nuclear-energy-forum-2026-polska-przechodzi-od-wizji-do-realizacji-atomu\\\/\"},\"author\":{\"name\":\"olga\",\"@id\":\"https:\\\/\\\/bnef.pl\\\/strefa-wiedzy\\\/#\\\/schema\\\/person\\\/807c61515266a49967c3dddf6b117534\"},\"headline\":\"Baltic Nuclear Energy Forum 2026: Polska przechodzi od wizji do realizacji atomu.\",\"datePublished\":\"2026-03-22T11:36:28+00:00\",\"dateModified\":\"2026-03-23T07:48:16+00:00\",\"mainEntityOfPage\":{\"@id\":\"https:\\\/\\\/bnef.pl\\\/strefa-wiedzy\\\/baltic-nuclear-energy-forum-2026-polska-przechodzi-od-wizji-do-realizacji-atomu\\\/\"},\"wordCount\":1524,\"commentCount\":0,\"image\":{\"@id\":\"https:\\\/\\\/bnef.pl\\\/strefa-wiedzy\\\/baltic-nuclear-energy-forum-2026-polska-przechodzi-od-wizji-do-realizacji-atomu\\\/#primaryimage\"},\"thumbnailUrl\":\"https:\\\/\\\/bnef.pl\\\/strefa-wiedzy\\\/wp-content\\\/uploads\\\/sites\\\/5\\\/2026\\\/03\\\/9ff8b0e0-48c5-4d83-8dac-154751b6971a.webp\",\"inLanguage\":\"pl-PL\",\"potentialAction\":[{\"@type\":\"CommentAction\",\"name\":\"Comment\",\"target\":[\"https:\\\/\\\/bnef.pl\\\/strefa-wiedzy\\\/baltic-nuclear-energy-forum-2026-polska-przechodzi-od-wizji-do-realizacji-atomu\\\/#respond\"]}]},{\"@type\":\"WebPage\",\"@id\":\"https:\\\/\\\/bnef.pl\\\/strefa-wiedzy\\\/baltic-nuclear-energy-forum-2026-polska-przechodzi-od-wizji-do-realizacji-atomu\\\/\",\"url\":\"https:\\\/\\\/bnef.pl\\\/strefa-wiedzy\\\/baltic-nuclear-energy-forum-2026-polska-przechodzi-od-wizji-do-realizacji-atomu\\\/\",\"name\":\"Baltic Nuclear Energy Forum 2026: Polska przechodzi od wizji do realizacji atomu. - Baltic Nuclear Energy Forum - Blog\",\"isPartOf\":{\"@id\":\"https:\\\/\\\/bnef.pl\\\/strefa-wiedzy\\\/#website\"},\"primaryImageOfPage\":{\"@id\":\"https:\\\/\\\/bnef.pl\\\/strefa-wiedzy\\\/baltic-nuclear-energy-forum-2026-polska-przechodzi-od-wizji-do-realizacji-atomu\\\/#primaryimage\"},\"image\":{\"@id\":\"https:\\\/\\\/bnef.pl\\\/strefa-wiedzy\\\/baltic-nuclear-energy-forum-2026-polska-przechodzi-od-wizji-do-realizacji-atomu\\\/#primaryimage\"},\"thumbnailUrl\":\"https:\\\/\\\/bnef.pl\\\/strefa-wiedzy\\\/wp-content\\\/uploads\\\/sites\\\/5\\\/2026\\\/03\\\/9ff8b0e0-48c5-4d83-8dac-154751b6971a.webp\",\"datePublished\":\"2026-03-22T11:36:28+00:00\",\"dateModified\":\"2026-03-23T07:48:16+00:00\",\"author\":{\"@id\":\"https:\\\/\\\/bnef.pl\\\/strefa-wiedzy\\\/#\\\/schema\\\/person\\\/807c61515266a49967c3dddf6b117534\"},\"breadcrumb\":{\"@id\":\"https:\\\/\\\/bnef.pl\\\/strefa-wiedzy\\\/baltic-nuclear-energy-forum-2026-polska-przechodzi-od-wizji-do-realizacji-atomu\\\/#breadcrumb\"},\"inLanguage\":\"pl-PL\",\"potentialAction\":[{\"@type\":\"ReadAction\",\"target\":[\"https:\\\/\\\/bnef.pl\\\/strefa-wiedzy\\\/baltic-nuclear-energy-forum-2026-polska-przechodzi-od-wizji-do-realizacji-atomu\\\/\"]}]},{\"@type\":\"ImageObject\",\"inLanguage\":\"pl-PL\",\"@id\":\"https:\\\/\\\/bnef.pl\\\/strefa-wiedzy\\\/baltic-nuclear-energy-forum-2026-polska-przechodzi-od-wizji-do-realizacji-atomu\\\/#primaryimage\",\"url\":\"https:\\\/\\\/bnef.pl\\\/strefa-wiedzy\\\/wp-content\\\/uploads\\\/sites\\\/5\\\/2026\\\/03\\\/9ff8b0e0-48c5-4d83-8dac-154751b6971a.webp\",\"contentUrl\":\"https:\\\/\\\/bnef.pl\\\/strefa-wiedzy\\\/wp-content\\\/uploads\\\/sites\\\/5\\\/2026\\\/03\\\/9ff8b0e0-48c5-4d83-8dac-154751b6971a.webp\",\"width\":2048,\"height\":1365,\"caption\":\"BNEF 2026\"},{\"@type\":\"BreadcrumbList\",\"@id\":\"https:\\\/\\\/bnef.pl\\\/strefa-wiedzy\\\/baltic-nuclear-energy-forum-2026-polska-przechodzi-od-wizji-do-realizacji-atomu\\\/#breadcrumb\",\"itemListElement\":[{\"@type\":\"ListItem\",\"position\":1,\"name\":\"Strona g\u0142\u00f3wna\",\"item\":\"https:\\\/\\\/bnef.pl\\\/strefa-wiedzy\\\/\"},{\"@type\":\"ListItem\",\"position\":2,\"name\":\"Baltic Nuclear Energy Forum 2026: Polska przechodzi od wizji do realizacji atomu.\"}]},{\"@type\":\"WebSite\",\"@id\":\"https:\\\/\\\/bnef.pl\\\/strefa-wiedzy\\\/#website\",\"url\":\"https:\\\/\\\/bnef.pl\\\/strefa-wiedzy\\\/\",\"name\":\"Baltic Nuclear Energy Forum - Blog\",\"description\":\"\",\"potentialAction\":[{\"@type\":\"SearchAction\",\"target\":{\"@type\":\"EntryPoint\",\"urlTemplate\":\"https:\\\/\\\/bnef.pl\\\/strefa-wiedzy\\\/?s={search_term_string}\"},\"query-input\":{\"@type\":\"PropertyValueSpecification\",\"valueRequired\":true,\"valueName\":\"search_term_string\"}}],\"inLanguage\":\"pl-PL\"},{\"@type\":\"Person\",\"@id\":\"https:\\\/\\\/bnef.pl\\\/strefa-wiedzy\\\/#\\\/schema\\\/person\\\/807c61515266a49967c3dddf6b117534\",\"name\":\"olga\",\"image\":{\"@type\":\"ImageObject\",\"inLanguage\":\"pl-PL\",\"@id\":\"https:\\\/\\\/secure.gravatar.com\\\/avatar\\\/8f149393935f6b3f9609fe62459807893653f61850fa6b886b2f945f2b19e5f9?s=96&d=mm&r=g\",\"url\":\"https:\\\/\\\/secure.gravatar.com\\\/avatar\\\/8f149393935f6b3f9609fe62459807893653f61850fa6b886b2f945f2b19e5f9?s=96&d=mm&r=g\",\"contentUrl\":\"https:\\\/\\\/secure.gravatar.com\\\/avatar\\\/8f149393935f6b3f9609fe62459807893653f61850fa6b886b2f945f2b19e5f9?s=96&d=mm&r=g\",\"caption\":\"olga\"},\"url\":\"https:\\\/\\\/bnef.pl\\\/strefa-wiedzy\\\/author\\\/olga\\\/\"}]}<\/script>\n<!-- \/ Yoast SEO plugin. -->","yoast_head_json":{"title":"Baltic Nuclear Energy Forum 2026: Polska przechodzi od wizji do realizacji atomu. - Baltic Nuclear Energy Forum - Blog","robots":{"index":"index","follow":"follow","max-snippet":"max-snippet:-1","max-image-preview":"max-image-preview:large","max-video-preview":"max-video-preview:-1"},"canonical":"https:\/\/bnef.pl\/strefa-wiedzy\/baltic-nuclear-energy-forum-2026-polska-przechodzi-od-wizji-do-realizacji-atomu\/","og_locale":"pl_PL","og_type":"article","og_title":"Baltic Nuclear Energy Forum 2026: Polska przechodzi od wizji do realizacji atomu. - Baltic Nuclear Energy Forum - Blog","og_description":"ENGLISH VERSION BELOW \u2b07\ufe0f GDA\u0143SK \u2013 Europejskie Centrum Solidarno\u015bci sta\u0142o si\u0119 po raz trzeci sercem debaty o przysz\u0142o\u015bci energetyki j\u0105drowej w regionie Morza Ba\u0142tyckiego. Pod has\u0142em \u201eEnergia dla odpornego spo\u0142ecze\u0144stwa\u201d, trzecia edycja Baltic Nuclear Energy Forum (BNEF) zgromadzi\u0142a ponad 500 ekspert\u00f3w z 17 kraj\u00f3w oraz 100 prelegent\u00f3w. Tegoroczne spotkanie zdominowa\u0142y konkretne deklaracje dotycz\u0105ce finansowania, harmonogramu [&hellip;]","og_url":"https:\/\/bnef.pl\/strefa-wiedzy\/baltic-nuclear-energy-forum-2026-polska-przechodzi-od-wizji-do-realizacji-atomu\/","og_site_name":"Baltic Nuclear Energy Forum - Blog","article_published_time":"2026-03-22T11:36:28+00:00","article_modified_time":"2026-03-23T07:48:16+00:00","og_image":[{"width":2048,"height":1365,"url":"https:\/\/bnef.pl\/strefa-wiedzy\/wp-content\/uploads\/sites\/5\/2026\/03\/9ff8b0e0-48c5-4d83-8dac-154751b6971a.webp","type":"image\/webp"}],"author":"olga","twitter_card":"summary_large_image","twitter_misc":{"Napisane przez":"olga","Szacowany czas czytania":"8 minut"},"schema":{"@context":"https:\/\/schema.org","@graph":[{"@type":"Article","@id":"https:\/\/bnef.pl\/strefa-wiedzy\/baltic-nuclear-energy-forum-2026-polska-przechodzi-od-wizji-do-realizacji-atomu\/#article","isPartOf":{"@id":"https:\/\/bnef.pl\/strefa-wiedzy\/baltic-nuclear-energy-forum-2026-polska-przechodzi-od-wizji-do-realizacji-atomu\/"},"author":{"name":"olga","@id":"https:\/\/bnef.pl\/strefa-wiedzy\/#\/schema\/person\/807c61515266a49967c3dddf6b117534"},"headline":"Baltic Nuclear Energy Forum 2026: Polska przechodzi od wizji do realizacji atomu.","datePublished":"2026-03-22T11:36:28+00:00","dateModified":"2026-03-23T07:48:16+00:00","mainEntityOfPage":{"@id":"https:\/\/bnef.pl\/strefa-wiedzy\/baltic-nuclear-energy-forum-2026-polska-przechodzi-od-wizji-do-realizacji-atomu\/"},"wordCount":1524,"commentCount":0,"image":{"@id":"https:\/\/bnef.pl\/strefa-wiedzy\/baltic-nuclear-energy-forum-2026-polska-przechodzi-od-wizji-do-realizacji-atomu\/#primaryimage"},"thumbnailUrl":"https:\/\/bnef.pl\/strefa-wiedzy\/wp-content\/uploads\/sites\/5\/2026\/03\/9ff8b0e0-48c5-4d83-8dac-154751b6971a.webp","inLanguage":"pl-PL","potentialAction":[{"@type":"CommentAction","name":"Comment","target":["https:\/\/bnef.pl\/strefa-wiedzy\/baltic-nuclear-energy-forum-2026-polska-przechodzi-od-wizji-do-realizacji-atomu\/#respond"]}]},{"@type":"WebPage","@id":"https:\/\/bnef.pl\/strefa-wiedzy\/baltic-nuclear-energy-forum-2026-polska-przechodzi-od-wizji-do-realizacji-atomu\/","url":"https:\/\/bnef.pl\/strefa-wiedzy\/baltic-nuclear-energy-forum-2026-polska-przechodzi-od-wizji-do-realizacji-atomu\/","name":"Baltic Nuclear Energy Forum 2026: Polska przechodzi od wizji do realizacji atomu. - Baltic Nuclear Energy Forum - Blog","isPartOf":{"@id":"https:\/\/bnef.pl\/strefa-wiedzy\/#website"},"primaryImageOfPage":{"@id":"https:\/\/bnef.pl\/strefa-wiedzy\/baltic-nuclear-energy-forum-2026-polska-przechodzi-od-wizji-do-realizacji-atomu\/#primaryimage"},"image":{"@id":"https:\/\/bnef.pl\/strefa-wiedzy\/baltic-nuclear-energy-forum-2026-polska-przechodzi-od-wizji-do-realizacji-atomu\/#primaryimage"},"thumbnailUrl":"https:\/\/bnef.pl\/strefa-wiedzy\/wp-content\/uploads\/sites\/5\/2026\/03\/9ff8b0e0-48c5-4d83-8dac-154751b6971a.webp","datePublished":"2026-03-22T11:36:28+00:00","dateModified":"2026-03-23T07:48:16+00:00","author":{"@id":"https:\/\/bnef.pl\/strefa-wiedzy\/#\/schema\/person\/807c61515266a49967c3dddf6b117534"},"breadcrumb":{"@id":"https:\/\/bnef.pl\/strefa-wiedzy\/baltic-nuclear-energy-forum-2026-polska-przechodzi-od-wizji-do-realizacji-atomu\/#breadcrumb"},"inLanguage":"pl-PL","potentialAction":[{"@type":"ReadAction","target":["https:\/\/bnef.pl\/strefa-wiedzy\/baltic-nuclear-energy-forum-2026-polska-przechodzi-od-wizji-do-realizacji-atomu\/"]}]},{"@type":"ImageObject","inLanguage":"pl-PL","@id":"https:\/\/bnef.pl\/strefa-wiedzy\/baltic-nuclear-energy-forum-2026-polska-przechodzi-od-wizji-do-realizacji-atomu\/#primaryimage","url":"https:\/\/bnef.pl\/strefa-wiedzy\/wp-content\/uploads\/sites\/5\/2026\/03\/9ff8b0e0-48c5-4d83-8dac-154751b6971a.webp","contentUrl":"https:\/\/bnef.pl\/strefa-wiedzy\/wp-content\/uploads\/sites\/5\/2026\/03\/9ff8b0e0-48c5-4d83-8dac-154751b6971a.webp","width":2048,"height":1365,"caption":"BNEF 2026"},{"@type":"BreadcrumbList","@id":"https:\/\/bnef.pl\/strefa-wiedzy\/baltic-nuclear-energy-forum-2026-polska-przechodzi-od-wizji-do-realizacji-atomu\/#breadcrumb","itemListElement":[{"@type":"ListItem","position":1,"name":"Strona g\u0142\u00f3wna","item":"https:\/\/bnef.pl\/strefa-wiedzy\/"},{"@type":"ListItem","position":2,"name":"Baltic Nuclear Energy Forum 2026: Polska przechodzi od wizji do realizacji atomu."}]},{"@type":"WebSite","@id":"https:\/\/bnef.pl\/strefa-wiedzy\/#website","url":"https:\/\/bnef.pl\/strefa-wiedzy\/","name":"Baltic Nuclear Energy Forum - Blog","description":"","potentialAction":[{"@type":"SearchAction","target":{"@type":"EntryPoint","urlTemplate":"https:\/\/bnef.pl\/strefa-wiedzy\/?s={search_term_string}"},"query-input":{"@type":"PropertyValueSpecification","valueRequired":true,"valueName":"search_term_string"}}],"inLanguage":"pl-PL"},{"@type":"Person","@id":"https:\/\/bnef.pl\/strefa-wiedzy\/#\/schema\/person\/807c61515266a49967c3dddf6b117534","name":"olga","image":{"@type":"ImageObject","inLanguage":"pl-PL","@id":"https:\/\/secure.gravatar.com\/avatar\/8f149393935f6b3f9609fe62459807893653f61850fa6b886b2f945f2b19e5f9?s=96&d=mm&r=g","url":"https:\/\/secure.gravatar.com\/avatar\/8f149393935f6b3f9609fe62459807893653f61850fa6b886b2f945f2b19e5f9?s=96&d=mm&r=g","contentUrl":"https:\/\/secure.gravatar.com\/avatar\/8f149393935f6b3f9609fe62459807893653f61850fa6b886b2f945f2b19e5f9?s=96&d=mm&r=g","caption":"olga"},"url":"https:\/\/bnef.pl\/strefa-wiedzy\/author\/olga\/"}]}},"_links":{"self":[{"href":"https:\/\/bnef.pl\/strefa-wiedzy\/wp-json\/wp\/v2\/posts\/2036","targetHints":{"allow":["GET"]}}],"collection":[{"href":"https:\/\/bnef.pl\/strefa-wiedzy\/wp-json\/wp\/v2\/posts"}],"about":[{"href":"https:\/\/bnef.pl\/strefa-wiedzy\/wp-json\/wp\/v2\/types\/post"}],"author":[{"embeddable":true,"href":"https:\/\/bnef.pl\/strefa-wiedzy\/wp-json\/wp\/v2\/users\/5"}],"replies":[{"embeddable":true,"href":"https:\/\/bnef.pl\/strefa-wiedzy\/wp-json\/wp\/v2\/comments?post=2036"}],"version-history":[{"count":2,"href":"https:\/\/bnef.pl\/strefa-wiedzy\/wp-json\/wp\/v2\/posts\/2036\/revisions"}],"predecessor-version":[{"id":2043,"href":"https:\/\/bnef.pl\/strefa-wiedzy\/wp-json\/wp\/v2\/posts\/2036\/revisions\/2043"}],"wp:featuredmedia":[{"embeddable":true,"href":"https:\/\/bnef.pl\/strefa-wiedzy\/wp-json\/wp\/v2\/media\/2037"}],"wp:attachment":[{"href":"https:\/\/bnef.pl\/strefa-wiedzy\/wp-json\/wp\/v2\/media?parent=2036"}],"wp:term":[{"taxonomy":"category","embeddable":true,"href":"https:\/\/bnef.pl\/strefa-wiedzy\/wp-json\/wp\/v2\/categories?post=2036"},{"taxonomy":"post_tag","embeddable":true,"href":"https:\/\/bnef.pl\/strefa-wiedzy\/wp-json\/wp\/v2\/tags?post=2036"}],"curies":[{"name":"wp","href":"https:\/\/api.w.org\/{rel}","templated":true}]}}